{"id":1487,"date":"2021-01-18T21:42:15","date_gmt":"2021-01-18T20:42:15","guid":{"rendered":"https:\/\/starsandfriends.rs\/?p=1487"},"modified":"2021-01-18T21:44:20","modified_gmt":"2021-01-18T20:44:20","slug":"jovan-lukic-i-raport-iz-beleka","status":"publish","type":"post","link":"https:\/\/starsandfriends.rs\/en\/jovan-lukic-i-raport-iz-beleka\/","title":{"rendered":"[:SR]Jovan Luki\u0107 i raport iz Beleka&#8230;[:]"},"content":{"rendered":"<p>[:SR][:SR]<\/p>\n<p style=\"text-align: justify;\">Fudbaleri FK \u010cukari\u010dkog se od\u00a0 pro\u0161log \u010detvrtka nalaze u Turskoj u kojoj \u0107e ostati do do 29. januara i za to vreme odigrati jo\u0161 tri prijateljske utakmice. Prvu su odigrali ju\u010de protiv ruske Baltike, dok \u0107e im preostala tri rivala biti Dnjipro, Maribor i So\u010di kao generalna proba zakazana za 28. januar (dan pred povratak).<\/p>\n<p style=\"text-align: justify;\">Sa popularnim &#8220;Br\u0111anima&#8221; vredno radi i fudbaler kog zastupa na\u0161a agencija, mladi i talentovani vezista Jovan Luki\u0107. U porazu od ruske Baltike (0:2) je odigrao jedno poluvreme.<\/p>\n<p style=\"text-align: justify;\"><strong><i>&#8220;Ovde su nas sa\u010dekali fenomenalni uslovi, po\u010dev\u0161i od hotela, preko ishrane do terena. Radimo punom parom i trudimo se da ispunimo o\u010dekivanja trenera i kluba. &#8220;,<\/i> poru\u010duje Jovan Luki\u0107 iz Beleka.<\/strong><\/p>\n<p><img fetchpriority=\"high\" decoding=\"async\" class=\"size-full wp-image-1488 aligncenter\" src=\"https:\/\/starsandfriends.rs\/wp-content\/uploads\/2021\/01\/lukic-2.jpg\" alt=\"\" width=\"1200\" height=\"1600\" srcset=\"https:\/\/starsandfriends.rs\/wp-content\/uploads\/2021\/01\/lukic-2.jpg 1200w, https:\/\/starsandfriends.rs\/wp-content\/uploads\/2021\/01\/lukic-2-225x300.jpg 225w, https:\/\/starsandfriends.rs\/wp-content\/uploads\/2021\/01\/lukic-2-768x1024.jpg 768w, https:\/\/starsandfriends.rs\/wp-content\/uploads\/2021\/01\/lukic-2-1152x1536.jpg 1152w, https:\/\/starsandfriends.rs\/wp-content\/uploads\/2021\/01\/lukic-2-34x45.jpg 34w, https:\/\/starsandfriends.rs\/wp-content\/uploads\/2021\/01\/lukic-2-370x493.jpg 370w, https:\/\/starsandfriends.rs\/wp-content\/uploads\/2021\/01\/lukic-2-600x800.jpg 600w\" sizes=\"(max-width: 1200px) 100vw, 1200px\" \/><\/p>\n<p style=\"text-align: justify;\">Poslednjih dana se dosta pi\u0161e o ovom mladom fudbaleru, odnosno konkretno o leto\u0161njoj zvani\u010dnoj ponudi Fortune iz Sitarda, te interesovanju Borusije iz Mehengladbaha, Kaljarija i Torina.<\/p>\n<p style=\"text-align: justify;\"><strong>&#8220;<i>Nadam se da \u0107e nas vreme poslu\u017eiti i da \u0107emo uspeti da se \u0161to bolje pripremimo za slede\u0107i deo \u0161ampionata<\/i>. <em>To je u ovom trenutku najva\u017enije. Ne razmi\u0161ljam o ponudama. Glavom sam 100% u \u010cukari\u010dkom, trudim se da vredno radim i upijam savete trenera i iskusnijih saigra\u010da.&#8221; &#8211; <\/em>zaklju\u010dio je mladi vezista\u00a0 FK \u010cukari\u010dki u izjavi za sajt na\u0161e agencije.\u00a0<\/strong><\/p>\n<p>[:][:]<\/p>","protected":false},"excerpt":{"rendered":"<p>[:SR][:SR] Fudbaleri FK \u010cukari\u010dkog se od\u00a0 pro\u0161log \u010detvrtka nalaze u Turskoj u kojoj \u0107e ostati do do 29. januara i za to vreme odigrati jo\u0161 tri prijateljske utakmice. Prvu su odigrali ju\u010de protiv ruske Baltike, dok \u0107e im preostala tri rivala biti Dnjipro, Maribor i So\u010di kao generalna proba zakazana za 28. januar (dan pred povratak). Sa popularnim &#8220;Br\u0111anima&#8221; vredno [&hellip;]<\/p>","protected":false},"author":3,"featured_media":1489,"comment_status":"closed","ping_status":"closed","sticky":false,"template":"","format":"standard","meta":{"footnotes":""},"categories":[3],"tags":[],"class_list":["post-1487","post","type-post","status-publish","format-standard","has-post-thumbnail","hentry","category-vesti"],"yoast_head":"<!-- This site is optimized with the Yoast SEO plugin v26.8 - https:\/\/yoast.com\/product\/yoast-seo-wordpress\/ -->\n<title>[:SR]Jovan Luki\u0107 i raport iz Beleka...[:] - Stars&amp;Friends<\/title>\n<meta name=\"robots\" content=\"index, follow, max-snippet:-1, max-image-preview:large, max-video-preview:-1\" \/>\n<link rel=\"canonical\" href=\"https:\/\/starsandfriends.rs\/en\/jovan-lukic-i-raport-iz-beleka\/\" \/>\n<meta property=\"og:locale\" content=\"en_GB\" \/>\n<meta property=\"og:type\" content=\"article\" \/>\n<meta property=\"og:title\" content=\"[:SR]Jovan Luki\u0107 i raport iz Beleka...[:] - Stars&amp;Friends\" \/>\n<meta property=\"og:description\" content=\"[:SR][:SR] Fudbaleri FK \u010cukari\u010dkog se od\u00a0 pro\u0161log \u010detvrtka nalaze u Turskoj u kojoj \u0107e ostati do do 29. januara i za to vreme odigrati jo\u0161 tri prijateljske utakmice. Prvu su odigrali ju\u010de protiv ruske Baltike, dok \u0107e im preostala tri rivala biti Dnjipro, Maribor i So\u010di kao generalna proba zakazana za 28. januar (dan pred povratak). Sa popularnim &#8220;Br\u0111anima&#8221; vredno [&hellip;]\" \/>\n<meta property=\"og:url\" content=\"https:\/\/starsandfriends.rs\/en\/jovan-lukic-i-raport-iz-beleka\/\" \/>\n<meta property=\"og:site_name\" content=\"Stars&amp;Friends\" \/>\n<meta property=\"article:published_time\" content=\"2021-01-18T20:42:15+00:00\" \/>\n<meta property=\"article:modified_time\" content=\"2021-01-18T20:44:20+00:00\" \/>\n<meta property=\"og:image\" content=\"https:\/\/starsandfriends.rs\/wp-content\/uploads\/2021\/01\/lukic.jpg\" \/>\n\t<meta property=\"og:image:width\" content=\"1200\" \/>\n\t<meta property=\"og:image:height\" content=\"1600\" \/>\n\t<meta property=\"og:image:type\" content=\"image\/jpeg\" \/>\n<meta name=\"author\" content=\"Stars &amp; Friends\" \/>\n<meta name=\"twitter:card\" content=\"summary_large_image\" \/>\n<meta name=\"twitter:label1\" content=\"Written by\" \/>\n\t<meta name=\"twitter:data1\" content=\"Stars &amp; Friends\" \/>\n\t<meta name=\"twitter:label2\" content=\"Estimated reading time\" \/>\n\t<meta name=\"twitter:data2\" content=\"2 minutes\" \/>\n<script type=\"application\/ld+json\" class=\"yoast-schema-graph\">{\"@context\":\"https:\/\/schema.org\",\"@graph\":[{\"@type\":\"Article\",\"@id\":\"https:\/\/starsandfriends.rs\/jovan-lukic-i-raport-iz-beleka\/#article\",\"isPartOf\":{\"@id\":\"https:\/\/starsandfriends.rs\/jovan-lukic-i-raport-iz-beleka\/\"},\"author\":{\"name\":\"Stars &amp; Friends\",\"@id\":\"https:\/\/starsandfriends.rs\/#\/schema\/person\/5dc4e48a6304f3f71b5d468e552c851f\"},\"headline\":\"[:SR]Jovan Luki\u0107 i raport iz Beleka&#8230;[:]\",\"datePublished\":\"2021-01-18T20:42:15+00:00\",\"dateModified\":\"2021-01-18T20:44:20+00:00\",\"mainEntityOfPage\":{\"@id\":\"https:\/\/starsandfriends.rs\/jovan-lukic-i-raport-iz-beleka\/\"},\"wordCount\":226,\"publisher\":{\"@id\":\"https:\/\/starsandfriends.rs\/#organization\"},\"image\":{\"@id\":\"https:\/\/starsandfriends.rs\/jovan-lukic-i-raport-iz-beleka\/#primaryimage\"},\"thumbnailUrl\":\"https:\/\/starsandfriends.rs\/wp-content\/uploads\/2021\/01\/lukic.jpg\",\"articleSection\":[\"VESTI\"],\"inLanguage\":\"en-GB\"},{\"@type\":\"WebPage\",\"@id\":\"https:\/\/starsandfriends.rs\/jovan-lukic-i-raport-iz-beleka\/\",\"url\":\"https:\/\/starsandfriends.rs\/jovan-lukic-i-raport-iz-beleka\/\",\"name\":\"[:SR]Jovan Luki\u0107 i raport iz Beleka...[:] - Stars&amp;Friends\",\"isPartOf\":{\"@id\":\"https:\/\/starsandfriends.rs\/#website\"},\"primaryImageOfPage\":{\"@id\":\"https:\/\/starsandfriends.rs\/jovan-lukic-i-raport-iz-beleka\/#primaryimage\"},\"image\":{\"@id\":\"https:\/\/starsandfriends.rs\/jovan-lukic-i-raport-iz-beleka\/#primaryimage\"},\"thumbnailUrl\":\"https:\/\/starsandfriends.rs\/wp-content\/uploads\/2021\/01\/lukic.jpg\",\"datePublished\":\"2021-01-18T20:42:15+00:00\",\"dateModified\":\"2021-01-18T20:44:20+00:00\",\"breadcrumb\":{\"@id\":\"https:\/\/starsandfriends.rs\/jovan-lukic-i-raport-iz-beleka\/#breadcrumb\"},\"inLanguage\":\"en-GB\",\"potentialAction\":[{\"@type\":\"ReadAction\",\"target\":[\"https:\/\/starsandfriends.rs\/jovan-lukic-i-raport-iz-beleka\/\"]}]},{\"@type\":\"ImageObject\",\"inLanguage\":\"en-GB\",\"@id\":\"https:\/\/starsandfriends.rs\/jovan-lukic-i-raport-iz-beleka\/#primaryimage\",\"url\":\"https:\/\/starsandfriends.rs\/wp-content\/uploads\/2021\/01\/lukic.jpg\",\"contentUrl\":\"https:\/\/starsandfriends.rs\/wp-content\/uploads\/2021\/01\/lukic.jpg\",\"width\":1200,\"height\":1600},{\"@type\":\"BreadcrumbList\",\"@id\":\"https:\/\/starsandfriends.rs\/jovan-lukic-i-raport-iz-beleka\/#breadcrumb\",\"itemListElement\":[{\"@type\":\"ListItem\",\"position\":1,\"name\":\"\u041f\u043e\u0447\u0435\u0442\u043d\u0430\",\"item\":\"https:\/\/starsandfriends.rs\/\"},{\"@type\":\"ListItem\",\"position\":2,\"name\":\"[:SR]Jovan Luki\u0107 i raport iz Beleka&#8230;[:]\"}]},{\"@type\":\"WebSite\",\"@id\":\"https:\/\/starsandfriends.rs\/#website\",\"url\":\"https:\/\/starsandfriends.rs\/\",\"name\":\"Stars & Friends\",\"description\":\"Srbija\",\"publisher\":{\"@id\":\"https:\/\/starsandfriends.rs\/#organization\"},\"potentialAction\":[{\"@type\":\"SearchAction\",\"target\":{\"@type\":\"EntryPoint\",\"urlTemplate\":\"https:\/\/starsandfriends.rs\/?s={search_term_string}\"},\"query-input\":{\"@type\":\"PropertyValueSpecification\",\"valueRequired\":true,\"valueName\":\"search_term_string\"}}],\"inLanguage\":\"en-GB\"},{\"@type\":\"Organization\",\"@id\":\"https:\/\/starsandfriends.rs\/#organization\",\"name\":\"Stars & Friends Srbija\",\"url\":\"https:\/\/starsandfriends.rs\/\",\"logo\":{\"@type\":\"ImageObject\",\"inLanguage\":\"en-GB\",\"@id\":\"https:\/\/starsandfriends.rs\/#\/schema\/logo\/image\/\",\"url\":\"https:\/\/starsandfriends.rs\/wp-content\/uploads\/2019\/06\/9sredjeno.jpg\",\"contentUrl\":\"https:\/\/starsandfriends.rs\/wp-content\/uploads\/2019\/06\/9sredjeno.jpg\",\"width\":2048,\"height\":1420,\"caption\":\"Stars & Friends Srbija\"},\"image\":{\"@id\":\"https:\/\/starsandfriends.rs\/#\/schema\/logo\/image\/\"},\"sameAs\":[\"https:\/\/www.instagram.com\/starsandfriends_serbia\/\",\"https:\/\/www.youtube.com\/channel\/UC85U4RNa6S-hIIXQSYDbPlA\/featured\"]},{\"@type\":\"Person\",\"@id\":\"https:\/\/starsandfriends.rs\/#\/schema\/person\/5dc4e48a6304f3f71b5d468e552c851f\",\"name\":\"Stars &amp; Friends\",\"image\":{\"@type\":\"ImageObject\",\"inLanguage\":\"en-GB\",\"@id\":\"https:\/\/starsandfriends.rs\/#\/schema\/person\/image\/\",\"url\":\"https:\/\/secure.gravatar.com\/avatar\/fd8df7c9d2f0f4b7ef1ef3f6d60185762cdec2512abf101f750a1ad9587e3575?s=96&d=mm&r=g\",\"contentUrl\":\"https:\/\/secure.gravatar.com\/avatar\/fd8df7c9d2f0f4b7ef1ef3f6d60185762cdec2512abf101f750a1ad9587e3575?s=96&d=mm&r=g\",\"caption\":\"Stars &amp; Friends\"}}]}<\/script>\n<!-- \/ Yoast SEO plugin. -->","yoast_head_json":{"title":"[:SR]Jovan Luki\u0107 i raport iz Beleka...[:] - Stars&amp;Friends","robots":{"index":"index","follow":"follow","max-snippet":"max-snippet:-1","max-image-preview":"max-image-preview:large","max-video-preview":"max-video-preview:-1"},"canonical":"https:\/\/starsandfriends.rs\/en\/jovan-lukic-i-raport-iz-beleka\/","og_locale":"en_GB","og_type":"article","og_title":"[:SR]Jovan Luki\u0107 i raport iz Beleka...[:] - Stars&amp;Friends","og_description":"[:SR][:SR] Fudbaleri FK \u010cukari\u010dkog se od\u00a0 pro\u0161log \u010detvrtka nalaze u Turskoj u kojoj \u0107e ostati do do 29. januara i za to vreme odigrati jo\u0161 tri prijateljske utakmice. Prvu su odigrali ju\u010de protiv ruske Baltike, dok \u0107e im preostala tri rivala biti Dnjipro, Maribor i So\u010di kao generalna proba zakazana za 28. januar (dan pred povratak). Sa popularnim &#8220;Br\u0111anima&#8221; vredno [&hellip;]","og_url":"https:\/\/starsandfriends.rs\/en\/jovan-lukic-i-raport-iz-beleka\/","og_site_name":"Stars&amp;Friends","article_published_time":"2021-01-18T20:42:15+00:00","article_modified_time":"2021-01-18T20:44:20+00:00","og_image":[{"width":1200,"height":1600,"url":"https:\/\/starsandfriends.rs\/wp-content\/uploads\/2021\/01\/lukic.jpg","type":"image\/jpeg"}],"author":"Stars &amp; Friends","twitter_card":"summary_large_image","twitter_misc":{"Written by":"Stars &amp; Friends","Estimated reading time":"2 minutes"},"schema":{"@context":"https:\/\/schema.org","@graph":[{"@type":"Article","@id":"https:\/\/starsandfriends.rs\/jovan-lukic-i-raport-iz-beleka\/#article","isPartOf":{"@id":"https:\/\/starsandfriends.rs\/jovan-lukic-i-raport-iz-beleka\/"},"author":{"name":"Stars &amp; Friends","@id":"https:\/\/starsandfriends.rs\/#\/schema\/person\/5dc4e48a6304f3f71b5d468e552c851f"},"headline":"[:SR]Jovan Luki\u0107 i raport iz Beleka&#8230;[:]","datePublished":"2021-01-18T20:42:15+00:00","dateModified":"2021-01-18T20:44:20+00:00","mainEntityOfPage":{"@id":"https:\/\/starsandfriends.rs\/jovan-lukic-i-raport-iz-beleka\/"},"wordCount":226,"publisher":{"@id":"https:\/\/starsandfriends.rs\/#organization"},"image":{"@id":"https:\/\/starsandfriends.rs\/jovan-lukic-i-raport-iz-beleka\/#primaryimage"},"thumbnailUrl":"https:\/\/starsandfriends.rs\/wp-content\/uploads\/2021\/01\/lukic.jpg","articleSection":["VESTI"],"inLanguage":"en-GB"},{"@type":"WebPage","@id":"https:\/\/starsandfriends.rs\/jovan-lukic-i-raport-iz-beleka\/","url":"https:\/\/starsandfriends.rs\/jovan-lukic-i-raport-iz-beleka\/","name":"[:SR]Jovan Luki\u0107 i raport iz Beleka...[:] - Stars&amp;Friends","isPartOf":{"@id":"https:\/\/starsandfriends.rs\/#website"},"primaryImageOfPage":{"@id":"https:\/\/starsandfriends.rs\/jovan-lukic-i-raport-iz-beleka\/#primaryimage"},"image":{"@id":"https:\/\/starsandfriends.rs\/jovan-lukic-i-raport-iz-beleka\/#primaryimage"},"thumbnailUrl":"https:\/\/starsandfriends.rs\/wp-content\/uploads\/2021\/01\/lukic.jpg","datePublished":"2021-01-18T20:42:15+00:00","dateModified":"2021-01-18T20:44:20+00:00","breadcrumb":{"@id":"https:\/\/starsandfriends.rs\/jovan-lukic-i-raport-iz-beleka\/#breadcrumb"},"inLanguage":"en-GB","potentialAction":[{"@type":"ReadAction","target":["https:\/\/starsandfriends.rs\/jovan-lukic-i-raport-iz-beleka\/"]}]},{"@type":"ImageObject","inLanguage":"en-GB","@id":"https:\/\/starsandfriends.rs\/jovan-lukic-i-raport-iz-beleka\/#primaryimage","url":"https:\/\/starsandfriends.rs\/wp-content\/uploads\/2021\/01\/lukic.jpg","contentUrl":"https:\/\/starsandfriends.rs\/wp-content\/uploads\/2021\/01\/lukic.jpg","width":1200,"height":1600},{"@type":"BreadcrumbList","@id":"https:\/\/starsandfriends.rs\/jovan-lukic-i-raport-iz-beleka\/#breadcrumb","itemListElement":[{"@type":"ListItem","position":1,"name":"\u041f\u043e\u0447\u0435\u0442\u043d\u0430","item":"https:\/\/starsandfriends.rs\/"},{"@type":"ListItem","position":2,"name":"[:SR]Jovan Luki\u0107 i raport iz Beleka&#8230;[:]"}]},{"@type":"WebSite","@id":"https:\/\/starsandfriends.rs\/#website","url":"https:\/\/starsandfriends.rs\/","name":"Stars & Friends","description":"Serbia","publisher":{"@id":"https:\/\/starsandfriends.rs\/#organization"},"potentialAction":[{"@type":"SearchAction","target":{"@type":"EntryPoint","urlTemplate":"https:\/\/starsandfriends.rs\/?s={search_term_string}"},"query-input":{"@type":"PropertyValueSpecification","valueRequired":true,"valueName":"search_term_string"}}],"inLanguage":"en-GB"},{"@type":"Organization","@id":"https:\/\/starsandfriends.rs\/#organization","name":"Stars & Friends Srbija","url":"https:\/\/starsandfriends.rs\/","logo":{"@type":"ImageObject","inLanguage":"en-GB","@id":"https:\/\/starsandfriends.rs\/#\/schema\/logo\/image\/","url":"https:\/\/starsandfriends.rs\/wp-content\/uploads\/2019\/06\/9sredjeno.jpg","contentUrl":"https:\/\/starsandfriends.rs\/wp-content\/uploads\/2019\/06\/9sredjeno.jpg","width":2048,"height":1420,"caption":"Stars & Friends Srbija"},"image":{"@id":"https:\/\/starsandfriends.rs\/#\/schema\/logo\/image\/"},"sameAs":["https:\/\/www.instagram.com\/starsandfriends_serbia\/","https:\/\/www.youtube.com\/channel\/UC85U4RNa6S-hIIXQSYDbPlA\/featured"]},{"@type":"Person","@id":"https:\/\/starsandfriends.rs\/#\/schema\/person\/5dc4e48a6304f3f71b5d468e552c851f","name":"Stars &amp; Friends","image":{"@type":"ImageObject","inLanguage":"en-GB","@id":"https:\/\/starsandfriends.rs\/#\/schema\/person\/image\/","url":"https:\/\/secure.gravatar.com\/avatar\/fd8df7c9d2f0f4b7ef1ef3f6d60185762cdec2512abf101f750a1ad9587e3575?s=96&d=mm&r=g","contentUrl":"https:\/\/secure.gravatar.com\/avatar\/fd8df7c9d2f0f4b7ef1ef3f6d60185762cdec2512abf101f750a1ad9587e3575?s=96&d=mm&r=g","caption":"Stars &amp; Friends"}}]}},"_links":{"self":[{"href":"https:\/\/starsandfriends.rs\/en\/wp-json\/wp\/v2\/posts\/1487","targetHints":{"allow":["GET"]}}],"collection":[{"href":"https:\/\/starsandfriends.rs\/en\/wp-json\/wp\/v2\/posts"}],"about":[{"href":"https:\/\/starsandfriends.rs\/en\/wp-json\/wp\/v2\/types\/post"}],"author":[{"embeddable":true,"href":"https:\/\/starsandfriends.rs\/en\/wp-json\/wp\/v2\/users\/3"}],"replies":[{"embeddable":true,"href":"https:\/\/starsandfriends.rs\/en\/wp-json\/wp\/v2\/comments?post=1487"}],"version-history":[{"count":2,"href":"https:\/\/starsandfriends.rs\/en\/wp-json\/wp\/v2\/posts\/1487\/revisions"}],"predecessor-version":[{"id":1491,"href":"https:\/\/starsandfriends.rs\/en\/wp-json\/wp\/v2\/posts\/1487\/revisions\/1491"}],"wp:featuredmedia":[{"embeddable":true,"href":"https:\/\/starsandfriends.rs\/en\/wp-json\/wp\/v2\/media\/1489"}],"wp:attachment":[{"href":"https:\/\/starsandfriends.rs\/en\/wp-json\/wp\/v2\/media?parent=1487"}],"wp:term":[{"taxonomy":"category","embeddable":true,"href":"https:\/\/starsandfriends.rs\/en\/wp-json\/wp\/v2\/categories?post=1487"},{"taxonomy":"post_tag","embeddable":true,"href":"https:\/\/starsandfriends.rs\/en\/wp-json\/wp\/v2\/tags?post=1487"}],"curies":[{"name":"wp","href":"https:\/\/api.w.org\/{rel}","templated":true}]}}